{"id":2357,"date":"2025-05-05T10:25:45","date_gmt":"2025-05-05T08:25:45","guid":{"rendered":"https:\/\/valeriedevincelles.com\/?p=2357"},"modified":"2025-09-09T15:34:24","modified_gmt":"2025-09-09T13:34:24","slug":"naitre-den-haut","status":"publish","type":"post","link":"https:\/\/valeriedevincelles.com\/index.php\/2025\/05\/05\/naitre-den-haut\/","title":{"rendered":"Naitre d&rsquo;en haut"},"content":{"rendered":"\t\t<div data-elementor-type=\"wp-post\" data-elementor-id=\"2357\" class=\"elementor elementor-2357\" data-elementor-settings=\"[]\">\n\t\t\t\t\t\t<div class=\"elementor-inner\">\n\t\t\t\t\t\t\t<div class=\"elementor-section-wrap\">\n\t\t\t\t\t\t\t<section class=\"elementor-section elementor-top-section elementor-element elementor-element-63e6680 elementor-section-boxed elementor-section-height-default elementor-section-height-default\" data-id=\"63e6680\" data-element_type=\"section\">\n\t\t\t\t\t\t<div class=\"elementor-container elementor-column-gap-default\">\n\t\t\t\t\t\t\t<div class=\"elementor-row\">\n\t\t\t\t\t<div class=\"elementor-column elementor-col-100 elementor-top-column elementor-element elementor-element-28a0064\" data-id=\"28a0064\" data-element_type=\"column\">\n\t\t\t<div class=\"elementor-column-wrap elementor-element-populated\">\n\t\t\t\t\t\t\t<div class=\"elementor-widget-wrap\">\n\t\t\t\t\t\t<div class=\"elementor-element elementor-element-02852ad elementor-widget elementor-widget-image\" data-id=\"02852ad\" data-element_type=\"widget\" data-widget_type=\"image.default\">\n\t\t\t\t<div class=\"elementor-widget-container\">\n\t\t\t\t\t<div class=\"elementor-image\">\n\t\t\t\t\t\t\t\t\t\t<img loading=\"lazy\" decoding=\"async\" width=\"1024\" height=\"1024\" src=\"https:\/\/valeriedevincelles.com\/wp-content\/uploads\/2025\/05\/Copie-de-Bleu-Net-et-Minimal-Journee-internationale-des-droits-des-femmes-Voeux-Instagram-Publication-21-1024x1024.png\" class=\"attachment-large size-large\" alt=\"VUE SUR LA CRYPTE\" srcset=\"https:\/\/valeriedevincelles.com\/wp-content\/uploads\/2025\/05\/Copie-de-Bleu-Net-et-Minimal-Journee-internationale-des-droits-des-femmes-Voeux-Instagram-Publication-21-1024x1024.png 1024w, https:\/\/valeriedevincelles.com\/wp-content\/uploads\/2025\/05\/Copie-de-Bleu-Net-et-Minimal-Journee-internationale-des-droits-des-femmes-Voeux-Instagram-Publication-21-300x300.png 300w, https:\/\/valeriedevincelles.com\/wp-content\/uploads\/2025\/05\/Copie-de-Bleu-Net-et-Minimal-Journee-internationale-des-droits-des-femmes-Voeux-Instagram-Publication-21-150x150.png 150w, https:\/\/valeriedevincelles.com\/wp-content\/uploads\/2025\/05\/Copie-de-Bleu-Net-et-Minimal-Journee-internationale-des-droits-des-femmes-Voeux-Instagram-Publication-21-768x768.png 768w, https:\/\/valeriedevincelles.com\/wp-content\/uploads\/2025\/05\/Copie-de-Bleu-Net-et-Minimal-Journee-internationale-des-droits-des-femmes-Voeux-Instagram-Publication-21.png 1080w\" sizes=\"auto, (max-width: 1024px) 100vw, 1024px\" \/>\t\t\t\t\t\t\t\t\t\t\t<\/div>\n\t\t\t\t<\/div>\n\t\t\t\t<\/div>\n\t\t\t\t\t\t<\/div>\n\t\t\t\t\t<\/div>\n\t\t<\/div>\n\t\t\t\t\t\t\t\t<\/div>\n\t\t\t\t\t<\/div>\n\t\t<\/section>\n\t\t\t\t<section class=\"elementor-section elementor-top-section elementor-element elementor-element-be3fbb3 elementor-section-boxed elementor-section-height-default elementor-section-height-default\" data-id=\"be3fbb3\" data-element_type=\"section\">\n\t\t\t\t\t\t<div class=\"elementor-container elementor-column-gap-default\">\n\t\t\t\t\t\t\t<div class=\"elementor-row\">\n\t\t\t\t\t<div class=\"elementor-column elementor-col-100 elementor-top-column elementor-element elementor-element-cf58284\" data-id=\"cf58284\" data-element_type=\"column\">\n\t\t\t<div class=\"elementor-column-wrap elementor-element-populated\">\n\t\t\t\t\t\t\t<div class=\"elementor-widget-wrap\">\n\t\t\t\t\t\t<div class=\"elementor-element elementor-element-148fc2d elementor-widget elementor-widget-text-editor\" data-id=\"148fc2d\" data-element_type=\"widget\" data-widget_type=\"text-editor.default\">\n\t\t\t\t<div class=\"elementor-widget-container\">\n\t\t\t\t\t<div class=\"elementor-text-editor elementor-clearfix\"><h3><span style=\"letter-spacing: 0px; font-size: 1.75em; caret-color: #404248;\">A l&rsquo;\u00e9coute de soi et du monde<\/span><\/h3><p>\u00ab La cr\u00e9ation attend avec impatience la r\u00e9v\u00e9lation des fils de Dieu. (\u2026) Nous le savons, la cr\u00e9ation toute enti\u00e8re g\u00e9mit maintenant encore dans les douleurs de l\u2019enfantement. Elle n&rsquo;est pas la seule. Nous aussi, qui poss\u00e9dons les pr\u00e9mices de l&rsquo;Esprit, nous g\u00e9missons int\u00e9rieurement, attendant l&rsquo;adoption et la d\u00e9livrance pour notre corps. \u00bb (Rm 8,19.22-23)<\/p><div class=\"CampaignPresentation Card\" data-testid=\"campaign-presentation\"><div class=\"GeneratedContentWrapper\"><div class=\"'GeneratedContent\"><p>Dans la ligne de l&rsquo;enseignement de \u00ab\u00a0<i>Laudato si\u00a0\u00bb<\/i>, en d\u00e9couvrant et en approfondissant l&rsquo;exp\u00e9rience de la m\u00e9ditation dans l&rsquo;esprit du zen, nous explorerons plus avant cette triple et ins\u00e9parable attente :\u00a0<\/p><p>&#8211; attente de la cr\u00e9ation,<\/p><p>&#8211; attente des pauvres \u00e9cras\u00e9s par les \u00e9preuves,<\/p><p>&#8211; attente enfouie dans le fond de notre \u00eatre int\u00e9rieur.\u00a0\u00a0<\/p><\/div><\/div><\/div><p>Durant cinq jours, nous pratiquerons l\u2019assise dans l\u2019esprit du zen pendant trois ou quatre heures par jour. Des expos\u00e9s nous instruiront, des marches dans les bois nous a\u00e9reront et le travail initiatique avec les contes nous permettra d&rsquo;entrer en r\u00e9sonance avec le th\u00e8me.<\/p><p>Co-animation : Bernard Durel, dominicain et Val\u00e9rie de Vincelles, art th\u00e9rapeute, form\u00e9e par Hildegard Wiedemann au Travail Initiatique avec les Contes et les Mythes (IMMA) et par Dominique Hautreux \u00e0 la Danse Th\u00e9rapie (ARTEC)<\/p><p><i>Ceux qui le peuvent apportent leur coussin ou leur petit banc. <\/i><i>V\u00eatements souples et chaussures pour la marche recommand\u00e9s.<\/i><\/p><p><span style=\"color: #000000; font-family: var( --e-global-typography-text-font-family ); font-size: 1.1em;\">Dates : d<\/span><span style=\"color: #000000; font-family: var( --e-global-typography-text-font-family ); font-size: 1.1em; font-weight: var( --e-global-typography-text-font-weight );\">u mardi 28 juillet (17h) au \u00a0dimanche 2 aout (15h) \u00a02026<\/span><\/p><p><span style=\"font-family: var( --e-global-typography-text-font-family ); font-size: 1.1em; color: #000000;\">Lieu : <\/span>Couvent de la Tourette<br \/>760, route de La Tourette &#8211; 69210 \u00c9veux &#8211; France<\/p><\/div>\n\t\t\t\t<\/div>\n\t\t\t\t<\/div>\n\t\t\t\t<div class=\"elementor-element elementor-element-41759cc elementor-widget elementor-widget-button\" data-id=\"41759cc\" data-element_type=\"widget\" data-widget_type=\"button.default\">\n\t\t\t\t<div class=\"elementor-widget-container\">\n\t\t\t\t\t<div class=\"elementor-button-wrapper\">\n\t\t\t<a href=\"https:\/\/www.couventdelatourette.fr\/nos-activites\/les-rencontres-de-la-tourette\/assises-dans-lesprit-du-zen-meditations-2023-2024.html\" class=\"elementor-button-link elementor-button elementor-size-sm\" role=\"button\">\n\t\t\t\t\t\t<span class=\"elementor-button-content-wrapper\">\n\t\t\t\t\t\t<span class=\"elementor-button-text\">Inscription et paiement en ligne<\/span>\n\t\t<\/span>\n\t\t\t\t\t<\/a>\n\t\t<\/div>\n\t\t\t\t<\/div>\n\t\t\t\t<\/div>\n\t\t\t\t<div class=\"elementor-element elementor-element-f9e36dc elementor-widget elementor-widget-google_maps\" data-id=\"f9e36dc\" data-element_type=\"widget\" data-widget_type=\"google_maps.default\">\n\t\t\t\t<div class=\"elementor-widget-container\">\n\t\t\t<div class=\"elementor-custom-embed\"><iframe frameborder=\"0\" scrolling=\"no\" marginheight=\"0\" marginwidth=\"0\" src=\"https:\/\/maps.google.com\/maps?q=Couvent%20de%20la%20Tourette%20760%2C%20route%20de%20La%20Tourette%20-%2069210%20%C3%89veux&amp;t=m&amp;z=10&amp;output=embed&amp;iwloc=near\" title=\"Couvent de la Tourette 760, route de La Tourette - 69210 \u00c9veux\" aria-label=\"Couvent de la Tourette 760, route de La Tourette - 69210 \u00c9veux\"><\/iframe><\/div>\t\t<\/div>\n\t\t\t\t<\/div>\n\t\t\t\t\t\t<\/div>\n\t\t\t\t\t<\/div>\n\t\t<\/div>\n\t\t\t\t\t\t\t\t<\/div>\n\t\t\t\t\t<\/div>\n\t\t<\/section>\n\t\t\t\t<section class=\"elementor-section elementor-top-section elementor-element elementor-element-b9c487b elementor-section-boxed elementor-section-height-default elementor-section-height-default\" data-id=\"b9c487b\" data-element_type=\"section\">\n\t\t\t\t\t\t<div class=\"elementor-container elementor-column-gap-default\">\n\t\t\t\t\t\t\t<div class=\"elementor-row\">\n\t\t\t\t\t<div class=\"elementor-column elementor-col-100 elementor-top-column elementor-element elementor-element-3f3a22c\" data-id=\"3f3a22c\" data-element_type=\"column\">\n\t\t\t<div class=\"elementor-column-wrap elementor-element-populated\">\n\t\t\t\t\t\t\t<div class=\"elementor-widget-wrap\">\n\t\t\t\t\t\t<div class=\"elementor-element elementor-element-25f8a76 elementor-widget elementor-widget-image-gallery\" data-id=\"25f8a76\" data-element_type=\"widget\" data-widget_type=\"image-gallery.default\">\n\t\t\t\t<div class=\"elementor-widget-container\">\n\t\t\t\t\t<div class=\"elementor-image-gallery\">\n\t\t\t<div id='gallery-1' class='gallery galleryid-2357 gallery-columns-6 gallery-size-thumbnail'><figure class='gallery-item'>\n\t\t\t<div class='gallery-icon landscape'>\n\t\t\t\t<a data-elementor-open-lightbox=\"yes\" data-elementor-lightbox-slideshow=\"25f8a76\" data-elementor-lightbox-title=\"03-couvent-sainte-marie-de-la-tourette-photo\" href='https:\/\/valeriedevincelles.com\/wp-content\/uploads\/2025\/05\/03-couvent-sainte-marie-de-la-tourette-photo.jpg'><img loading=\"lazy\" decoding=\"async\" width=\"150\" height=\"150\" src=\"https:\/\/valeriedevincelles.com\/wp-content\/uploads\/2025\/05\/03-couvent-sainte-marie-de-la-tourette-photo-150x150.jpg\" class=\"attachment-thumbnail size-thumbnail\" alt=\"\" \/><\/a>\n\t\t\t<\/div><\/figure><figure class='gallery-item'>\n\t\t\t<div class='gallery-icon landscape'>\n\t\t\t\t<a data-elementor-open-lightbox=\"yes\" data-elementor-lightbox-slideshow=\"25f8a76\" data-elementor-lightbox-title=\"facade interieure 2\" href='https:\/\/valeriedevincelles.com\/wp-content\/uploads\/2025\/05\/facade-interieure-2.webp'><img loading=\"lazy\" decoding=\"async\" width=\"150\" height=\"150\" src=\"https:\/\/valeriedevincelles.com\/wp-content\/uploads\/2025\/05\/facade-interieure-2-150x150.webp\" class=\"attachment-thumbnail size-thumbnail\" alt=\"\" \/><\/a>\n\t\t\t<\/div><\/figure><figure class='gallery-item'>\n\t\t\t<div class='gallery-icon portrait'>\n\t\t\t\t<a data-elementor-open-lightbox=\"yes\" data-elementor-lightbox-slideshow=\"25f8a76\" data-elementor-lightbox-title=\"GALERIE\" href='https:\/\/valeriedevincelles.com\/wp-content\/uploads\/2025\/05\/GALERIE.webp'><img loading=\"lazy\" decoding=\"async\" width=\"150\" height=\"150\" src=\"https:\/\/valeriedevincelles.com\/wp-content\/uploads\/2025\/05\/GALERIE-150x150.webp\" class=\"attachment-thumbnail size-thumbnail\" alt=\"\" \/><\/a>\n\t\t\t<\/div><\/figure><figure class='gallery-item'>\n\t\t\t<div class='gallery-icon portrait'>\n\t\t\t\t<a data-elementor-open-lightbox=\"yes\" data-elementor-lightbox-slideshow=\"25f8a76\" data-elementor-lightbox-title=\"couvent_eglise_face_autel_cote_droit\" href='https:\/\/valeriedevincelles.com\/wp-content\/uploads\/2025\/05\/couvent_eglise_face_autel_cote_droit.jpg'><img loading=\"lazy\" decoding=\"async\" width=\"150\" height=\"150\" src=\"https:\/\/valeriedevincelles.com\/wp-content\/uploads\/2025\/05\/couvent_eglise_face_autel_cote_droit-150x150.jpg\" class=\"attachment-thumbnail size-thumbnail\" alt=\"\" srcset=\"https:\/\/valeriedevincelles.com\/wp-content\/uploads\/2025\/05\/couvent_eglise_face_autel_cote_droit-150x150.jpg 150w, https:\/\/valeriedevincelles.com\/wp-content\/uploads\/2025\/05\/couvent_eglise_face_autel_cote_droit-300x300.jpg 300w, https:\/\/valeriedevincelles.com\/wp-content\/uploads\/2025\/05\/couvent_eglise_face_autel_cote_droit-1019x1024.jpg 1019w, https:\/\/valeriedevincelles.com\/wp-content\/uploads\/2025\/05\/couvent_eglise_face_autel_cote_droit-768x772.jpg 768w, https:\/\/valeriedevincelles.com\/wp-content\/uploads\/2025\/05\/couvent_eglise_face_autel_cote_droit-1529x1536.jpg 1529w, https:\/\/valeriedevincelles.com\/wp-content\/uploads\/2025\/05\/couvent_eglise_face_autel_cote_droit-1320x1326.jpg 1320w, https:\/\/valeriedevincelles.com\/wp-content\/uploads\/2025\/05\/couvent_eglise_face_autel_cote_droit.jpg 2038w\" sizes=\"auto, (max-width: 150px) 100vw, 150px\" \/><\/a>\n\t\t\t<\/div><\/figure><figure class='gallery-item'>\n\t\t\t<div class='gallery-icon portrait'>\n\t\t\t\t<a data-elementor-open-lightbox=\"yes\" data-elementor-lightbox-slideshow=\"25f8a76\" data-elementor-lightbox-title=\"CRYPTE COUVENT TOURETTE\" href='https:\/\/valeriedevincelles.com\/wp-content\/uploads\/2025\/05\/CRYPTE-COUVENT-TOURETTE.webp'><img loading=\"lazy\" decoding=\"async\" width=\"150\" height=\"150\" src=\"https:\/\/valeriedevincelles.com\/wp-content\/uploads\/2025\/05\/CRYPTE-COUVENT-TOURETTE-150x150.webp\" class=\"attachment-thumbnail size-thumbnail\" alt=\"\" \/><\/a>\n\t\t\t<\/div><\/figure><figure class='gallery-item'>\n\t\t\t<div class='gallery-icon portrait'>\n\t\t\t\t<a data-elementor-open-lightbox=\"yes\" data-elementor-lightbox-slideshow=\"25f8a76\" data-elementor-lightbox-title=\"interieur-eglise-encens\" href='https:\/\/valeriedevincelles.com\/wp-content\/uploads\/2025\/05\/interieur-eglise-encens-scaled.jpg'><img loading=\"lazy\" decoding=\"async\" width=\"150\" height=\"150\" src=\"https:\/\/valeriedevincelles.com\/wp-content\/uploads\/2025\/05\/interieur-eglise-encens-150x150.jpg\" class=\"attachment-thumbnail size-thumbnail\" alt=\"\" \/><\/a>\n\t\t\t<\/div><\/figure>\n\t\t<\/div>\n\t\t<\/div>\n\t\t\t\t<\/div>\n\t\t\t\t<\/div>\n\t\t\t\t\t\t<\/div>\n\t\t\t\t\t<\/div>\n\t\t<\/div>\n\t\t\t\t\t\t\t\t<\/div>\n\t\t\t\t\t<\/div>\n\t\t<\/section>\n\t\t\t\t<section class=\"elementor-section elementor-top-section elementor-element elementor-element-47ae135 elementor-section-boxed elementor-section-height-default elementor-section-height-default\" data-id=\"47ae135\" data-element_type=\"section\">\n\t\t\t\t\t\t<div class=\"elementor-container elementor-column-gap-default\">\n\t\t\t\t\t\t\t<div class=\"elementor-row\">\n\t\t\t\t\t<div class=\"elementor-column elementor-col-100 elementor-top-column elementor-element elementor-element-e7356a4\" data-id=\"e7356a4\" data-element_type=\"column\">\n\t\t\t<div class=\"elementor-column-wrap elementor-element-populated\">\n\t\t\t\t\t\t\t<div class=\"elementor-widget-wrap\">\n\t\t\t\t\t\t<div class=\"elementor-element elementor-element-ae671e8 elementor-widget elementor-widget-heading\" data-id=\"ae671e8\" data-element_type=\"widget\" data-widget_type=\"heading.default\">\n\t\t\t\t<div class=\"elementor-widget-container\">\n\t\t\t<h2 class=\"elementor-heading-title elementor-size-default\">Le Couvent de la Tourette <\/h2>\t\t<\/div>\n\t\t\t\t<\/div>\n\t\t\t\t<div class=\"elementor-element elementor-element-69f74d7 elementor-widget elementor-widget-text-editor\" data-id=\"69f74d7\" data-element_type=\"widget\" data-widget_type=\"text-editor.default\">\n\t\t\t\t<div class=\"elementor-widget-container\">\n\t\t\t\t\t<div class=\"elementor-text-editor elementor-clearfix\"><p>Con\u00e7u par LE CORBUSIER pour accueillir une centaine de moines, l\u2019ensemble conventuel est compos\u00e9 d\u2019une \u00e9glise, d\u2019une salle de chapitre, de salles de cours, d\u2019une biblioth\u00e8que, d\u2019un r\u00e9fectoire, de parloirs, de cuisines et de cellules individuelles.\u00a0<span style=\"font-family: var( --e-global-typography-text-font-family ); letter-spacing: var(--bodyletterspacing); text-transform: var(--bodytexttransform); caret-color: #000000; color: #000000; font-size: medium;\">Il est pens\u00e9 comme un\u00a0<\/span><strong style=\"font-family: var( --e-global-typography-text-font-family ); font-size: var(--bodyfontsize); letter-spacing: var(--bodyletterspacing); text-transform: var(--bodytexttransform); caret-color: #000000; color: #000000;\" data-start=\"287\" data-end=\"328\">lieu de silence, d&rsquo;\u00e9tude et de pri\u00e8re<\/strong><span style=\"font-family: var( --e-global-typography-text-font-family ); letter-spacing: var(--bodyletterspacing); text-transform: var(--bodytexttransform); caret-color: #000000; color: #000000; font-size: medium;\">, articul\u00e9 autour d\u2019un clo\u00eetre suspendu et baign\u00e9 de lumi\u00e8re naturelle.\u00a0<\/span><span style=\"font-family: var( --e-global-typography-text-font-family ); font-size: var(--bodyfontsize); letter-spacing: var(--bodyletterspacing); text-transform: var(--bodytexttransform); background-color: var(--nv-site-bg);\">Dans ce b\u00e2timent en b\u00e9ton aux volumes g\u00e9om\u00e9triques, Le Corbusier d\u00e9ploie une palette de dispositifs de contr\u00f4le de la lumi\u00e8re naturelle qui sculptent l\u2019espace int\u00e9rieur et les volumes.\u00a0<\/span><span style=\"font-family: var( --e-global-typography-text-font-family ); font-size: var(--bodyfontsize); letter-spacing: var(--bodyletterspacing); text-transform: var(--bodytexttransform); background-color: var(--nv-site-bg);\">Inspir\u00e9 par les couvents cisterciens, il est organis\u00e9 sur un plan carr\u00e9.\u00a0<\/span><span style=\"font-family: var( --e-global-typography-text-font-family ); font-size: var(--bodyfontsize); letter-spacing: var(--bodyletterspacing); text-transform: var(--bodytexttransform); background-color: var(--nv-site-bg);\">\u00c0 la fin des ann\u00e9es 1960, le couvent cesse d\u2019\u00eatre un <\/span><em style=\"font-family: var( --e-global-typography-text-font-family ); font-size: var(--bodyfontsize); letter-spacing: var(--bodyletterspacing); text-transform: var(--bodytexttransform);\">studium<\/em><span style=\"font-family: var( --e-global-typography-text-font-family ); font-size: var(--bodyfontsize); letter-spacing: var(--bodyletterspacing); text-transform: var(--bodytexttransform); background-color: var(--nv-site-bg);\"> et s\u2019ouvre au d\u00e9but des ann\u00e9es 1970 vers l\u2019ext\u00e9rieur pour des visites et s\u00e9jours. Il est depuis devenu un centre de colloques et accueille les personnes d\u00e9sireuses de faire une retraite spirituelle.\u00a0Le\u00a0couvent\u00a0est aujourd\u2019hui habit\u00e9 par une dizaine de dominicains qui organisent annuellement un programme culturel \u00ab\u00a0Les Rencontres de La Tourette\u00a0\u00bb ainsi que des expositions d\u2019art. En 1979, il est class\u00e9 monument historique.\u00a0<\/span><a style=\"font-family: var( --e-global-typography-text-font-family ); font-size: var(--bodyfontsize); letter-spacing: var(--bodyletterspacing); text-transform: var(--bodytexttransform);\" href=\"https:\/\/www.fondationlecorbusier.fr\/la-fondation\/missions\/patrimoine-mondial\/\">Il figure dans la s\u00e9rie inscrite sur la liste du patrimoine mondial de l\u2019Unesco depuis 2016.<\/a><\/p><\/div>\n\t\t\t\t<\/div>\n\t\t\t\t<\/div>\n\t\t\t\t\t\t<\/div>\n\t\t\t\t\t<\/div>\n\t\t<\/div>\n\t\t\t\t\t\t\t\t<\/div>\n\t\t\t\t\t<\/div>\n\t\t<\/section>\n\t\t\t\t<section class=\"elementor-section elementor-top-section elementor-element elementor-element-f5b4780 elementor-section-boxed elementor-section-height-default elementor-section-height-default\" data-id=\"f5b4780\" data-element_type=\"section\">\n\t\t\t\t\t\t<div class=\"elementor-container elementor-column-gap-default\">\n\t\t\t\t\t\t\t<div class=\"elementor-row\">\n\t\t\t\t\t<div class=\"elementor-column elementor-col-100 elementor-top-column elementor-element elementor-element-ac077bd\" data-id=\"ac077bd\" data-element_type=\"column\">\n\t\t\t<div class=\"elementor-column-wrap elementor-element-populated\">\n\t\t\t\t\t\t\t<div class=\"elementor-widget-wrap\">\n\t\t\t\t\t\t<div class=\"elementor-element elementor-element-0074e2b elementor-widget elementor-widget-heading\" data-id=\"0074e2b\" data-element_type=\"widget\" data-widget_type=\"heading.default\">\n\t\t\t\t<div class=\"elementor-widget-container\">\n\t\t\t<h2 class=\"elementor-heading-title elementor-size-default\"><span class=\"elementor-heading-title elementor-size-default elementor-inline-editing pen\" data-elementor-setting-key=\"title\" data-pen-placeholder=\"\u00c9crivez ici...\" style=\"font-size: var(--h2fontsize); outline-color: currentcolor; outline-style: none;\">Bernard Durel<\/span><\/h2>\t\t<\/div>\n\t\t\t\t<\/div>\n\t\t\t\t\t\t<\/div>\n\t\t\t\t\t<\/div>\n\t\t<\/div>\n\t\t\t\t\t\t\t\t<\/div>\n\t\t\t\t\t<\/div>\n\t\t<\/section>\n\t\t\t\t<section class=\"elementor-section elementor-top-section elementor-element elementor-element-85bebc8 elementor-section-boxed elementor-section-height-default elementor-section-height-default\" data-id=\"85bebc8\" data-element_type=\"section\">\n\t\t\t\t\t\t<div class=\"elementor-container elementor-column-gap-default\">\n\t\t\t\t\t\t\t<div class=\"elementor-row\">\n\t\t\t\t\t<div class=\"elementor-column elementor-col-50 elementor-top-column elementor-element elementor-element-8da273e\" data-id=\"8da273e\" data-element_type=\"column\">\n\t\t\t<div class=\"elementor-column-wrap elementor-element-populated\">\n\t\t\t\t\t\t\t<div class=\"elementor-widget-wrap\">\n\t\t\t\t\t\t<div class=\"elementor-element elementor-element-2b30a03 elementor-widget elementor-widget-text-editor\" data-id=\"2b30a03\" data-element_type=\"widget\" data-widget_type=\"text-editor.default\">\n\t\t\t\t<div class=\"elementor-widget-container\">\n\t\t\t\t\t<div class=\"elementor-text-editor elementor-clearfix\"><div>Pr\u00eatre dominicain, il m\u00e8ne une qu\u00eate int\u00e9rieure exigeante \u00e0 la fronti\u00e8re du christianisme et de l&rsquo;esprit du zen. Enracin\u00e9 dans sa propre tradition, il a la conviction profonde que ce qui nous unit est toujours plus originel que ce qui nous s\u00e9pare. <span style=\"color: var( --e-global-color-text ); font-family: var( --e-global-typography-text-font-family ); font-size: var(--bodyfontsize); letter-spacing: var(--bodyletterspacing); text-transform: var(--bodytexttransform); background-color: var(--nv-site-bg);\">Ses rencontres avec Karlfried Graf D\u00fcrckheim, qui pratiquait la m\u00e9ditation zen et avec qui il a entrepris un important travail de gu\u00e9rison int\u00e9rieure, ou encore avec le p\u00e8re Oshida, dominicain japonais, ont renouvel\u00e9 sa foi chr\u00e9tienne, par la pratique de la m\u00e9ditation. Bernard Durel s&rsquo;int\u00e9resse \u00e0 la mystique rh\u00e9nane \u00e0 travers les \u00e9crits de Ma\u00eetre Eckhart et de Jean Tauler. Il vient de publier \u00a0\u00bb Vers la Source int\u00e9rieure\u00a0\u00bb aux \u00e9ditions Descl\u00e9e de Brouwer<\/span><\/div><\/div>\n\t\t\t\t<\/div>\n\t\t\t\t<\/div>\n\t\t\t\t\t\t<\/div>\n\t\t\t\t\t<\/div>\n\t\t<\/div>\n\t\t\t\t<div class=\"elementor-column elementor-col-50 elementor-top-column elementor-element elementor-element-f50a7d3\" data-id=\"f50a7d3\" data-element_type=\"column\">\n\t\t\t<div class=\"elementor-column-wrap elementor-element-populated\">\n\t\t\t\t\t\t\t<div class=\"elementor-widget-wrap\">\n\t\t\t\t\t\t<div class=\"elementor-element elementor-element-9e38771 elementor-widget elementor-widget-image\" data-id=\"9e38771\" data-element_type=\"widget\" data-widget_type=\"image.default\">\n\t\t\t\t<div class=\"elementor-widget-container\">\n\t\t\t\t\t<div class=\"elementor-image\">\n\t\t\t\t\t\t\t\t\t\t<img loading=\"lazy\" decoding=\"async\" width=\"851\" height=\"851\" src=\"https:\/\/valeriedevincelles.com\/wp-content\/uploads\/2025\/05\/Portrait-Bernard-DUREL-1.jpeg\" class=\"attachment-large size-large\" alt=\"\" srcset=\"https:\/\/valeriedevincelles.com\/wp-content\/uploads\/2025\/05\/Portrait-Bernard-DUREL-1.jpeg 851w, https:\/\/valeriedevincelles.com\/wp-content\/uploads\/2025\/05\/Portrait-Bernard-DUREL-1-300x300.jpeg 300w, https:\/\/valeriedevincelles.com\/wp-content\/uploads\/2025\/05\/Portrait-Bernard-DUREL-1-150x150.jpeg 150w, https:\/\/valeriedevincelles.com\/wp-content\/uploads\/2025\/05\/Portrait-Bernard-DUREL-1-768x768.jpeg 768w\" sizes=\"auto, (max-width: 851px) 100vw, 851px\" \/>\t\t\t\t\t\t\t\t\t\t\t<\/div>\n\t\t\t\t<\/div>\n\t\t\t\t<\/div>\n\t\t\t\t\t\t<\/div>\n\t\t\t\t\t<\/div>\n\t\t<\/div>\n\t\t\t\t\t\t\t\t<\/div>\n\t\t\t\t\t<\/div>\n\t\t<\/section>\n\t\t\t\t\t\t<\/div>\n\t\t\t\t\t\t<\/div>\n\t\t\t\t\t<\/div>\n\t\t","protected":false},"excerpt":{"rendered":"<p>A l&rsquo;\u00e9coute de soi et du monde \u00ab La cr\u00e9ation attend avec impatience la r\u00e9v\u00e9lation des fils de Dieu. (\u2026) Nous le savons, la cr\u00e9ation toute enti\u00e8re g\u00e9mit maintenant encore dans les douleurs de l\u2019enfantement. Elle n&rsquo;est pas la seule. Nous aussi, qui poss\u00e9dons les pr\u00e9mices de l&rsquo;Esprit, nous g\u00e9missons int\u00e9rieurement, attendant l&rsquo;adoption et la&hellip;&nbsp;<a href=\"https:\/\/valeriedevincelles.com\/index.php\/2025\/05\/05\/naitre-den-haut\/\" rel=\"bookmark\"><span class=\"screen-reader-text\">Naitre d&rsquo;en haut<\/span><\/a><\/p>\n","protected":false},"author":1,"featured_media":0,"comment_status":"open","ping_status":"open","sticky":false,"template":"","format":"standard","meta":{"neve_meta_sidebar":"default","neve_meta_container":"default","neve_meta_enable_content_width":"off","neve_meta_content_width":70,"neve_meta_title_alignment":"","neve_meta_author_avatar":"","neve_post_elements_order":"","neve_meta_disable_header":"off","neve_meta_disable_footer":"off","neve_meta_disable_title":"off","footnotes":""},"categories":[1],"tags":[],"class_list":["post-2357","post","type-post","status-publish","format-standard","hentry","category-non-classe"],"_links":{"self":[{"href":"https:\/\/valeriedevincelles.com\/index.php\/wp-json\/wp\/v2\/posts\/2357","targetHints":{"allow":["GET"]}}],"collection":[{"href":"https:\/\/valeriedevincelles.com\/index.php\/wp-json\/wp\/v2\/posts"}],"about":[{"href":"https:\/\/valeriedevincelles.com\/index.php\/wp-json\/wp\/v2\/types\/post"}],"author":[{"embeddable":true,"href":"https:\/\/valeriedevincelles.com\/index.php\/wp-json\/wp\/v2\/users\/1"}],"replies":[{"embeddable":true,"href":"https:\/\/valeriedevincelles.com\/index.php\/wp-json\/wp\/v2\/comments?post=2357"}],"version-history":[{"count":23,"href":"https:\/\/valeriedevincelles.com\/index.php\/wp-json\/wp\/v2\/posts\/2357\/revisions"}],"predecessor-version":[{"id":2530,"href":"https:\/\/valeriedevincelles.com\/index.php\/wp-json\/wp\/v2\/posts\/2357\/revisions\/2530"}],"wp:attachment":[{"href":"https:\/\/valeriedevincelles.com\/index.php\/wp-json\/wp\/v2\/media?parent=2357"}],"wp:term":[{"taxonomy":"category","embeddable":true,"href":"https:\/\/valeriedevincelles.com\/index.php\/wp-json\/wp\/v2\/categories?post=2357"},{"taxonomy":"post_tag","embeddable":true,"href":"https:\/\/valeriedevincelles.com\/index.php\/wp-json\/wp\/v2\/tags?post=2357"}],"curies":[{"name":"wp","href":"https:\/\/api.w.org\/{rel}","templated":true}]}}